{"id":517,"date":"2022-02-02T18:41:58","date_gmt":"2022-02-02T17:41:58","guid":{"rendered":"http:\/\/www.gvfs.se\/?p=517"},"modified":"2022-02-02T18:41:58","modified_gmt":"2022-02-02T17:41:58","slug":"dagordning-till-arsmotet","status":"publish","type":"post","link":"https:\/\/www.gvfs.se\/?p=517","title":{"rendered":"Dagordning till \u00e5rsm\u00f6tet."},"content":{"rendered":"<p><b>Dagordning<\/b><\/p>\n<p><span style=\"font-weight: 400;\">f\u00f6r \u00e5rsm\u00f6te i G\u00f6teborgs Veteranflygs\u00e4llskap tisdagen den 15 februari 2022 kl. 19.00 i Aeroseum.<\/span><\/p>\n<ol>\n<li style=\"font-weight: 400;\" aria-level=\"1\"><span style=\"font-weight: 400;\">M\u00f6tets \u00f6ppnande<\/span><\/li>\n<li style=\"font-weight: 400;\" aria-level=\"1\"><span style=\"font-weight: 400;\">Val av ordf\u00f6rande f\u00f6r \u00e5rsm\u00f6tet<\/span><\/li>\n<li style=\"font-weight: 400;\" aria-level=\"1\"><span style=\"font-weight: 400;\">Val av sekreterare f\u00f6r \u00e5rsm\u00f6tet<\/span><\/li>\n<li style=\"font-weight: 400;\" aria-level=\"1\"><span style=\"font-weight: 400;\">Val av tv\u00e5 justeringsm\u00e4n<\/span><\/li>\n<li style=\"font-weight: 400;\" aria-level=\"1\"><span style=\"font-weight: 400;\">\u00c5rsm\u00f6tets beh\u00f6riga utlysande<\/span><\/li>\n<li style=\"font-weight: 400;\" aria-level=\"1\"><span style=\"font-weight: 400;\">Godk\u00e4nnande av dagordningen<\/span><\/li>\n<li style=\"font-weight: 400;\" aria-level=\"1\"><span style=\"font-weight: 400;\">Styrelsens verksamhetsber\u00e4ttelse<\/span><\/li>\n<li style=\"font-weight: 400;\" aria-level=\"1\"><span style=\"font-weight: 400;\">Resultat- och balansr\u00e4kning<\/span><\/li>\n<li style=\"font-weight: 400;\" aria-level=\"1\"><span style=\"font-weight: 400;\">Revisorernas granskning<\/span><\/li>\n<li style=\"font-weight: 400;\" aria-level=\"1\"><span style=\"font-weight: 400;\">Styrelsens ansvarsfrihet<\/span><\/li>\n<li style=\"font-weight: 400;\" aria-level=\"1\"><span style=\"font-weight: 400;\">Budget f\u00f6r 2022<\/span><\/li>\n<li style=\"font-weight: 400;\" aria-level=\"1\"><span style=\"font-weight: 400;\">\u00c5rsavgiften f\u00f6r 2022<\/span><\/li>\n<li style=\"font-weight: 400;\" aria-level=\"1\"><span style=\"font-weight: 400;\">F\u00f6rslag fr\u00e5n styrelsen<\/span><\/li>\n<li style=\"font-weight: 400;\" aria-level=\"1\"><span style=\"font-weight: 400;\">Motioner fr\u00e5n medlemmar<\/span><\/li>\n<li style=\"font-weight: 400;\" aria-level=\"1\"><span style=\"font-weight: 400;\">Val av ordf\u00f6rande f\u00f6r 2022<\/span><\/li>\n<li style=\"font-weight: 400;\" aria-level=\"1\"><span style=\"font-weight: 400;\">Val av styrelseledam\u00f6ter f\u00f6r 2022<\/span><\/li>\n<li style=\"font-weight: 400;\" aria-level=\"1\"><span style=\"font-weight: 400;\">Val av styrelsesuppleanter f\u00f6r 2022<\/span><\/li>\n<li style=\"font-weight: 400;\" aria-level=\"1\"><span style=\"font-weight: 400;\">Val av revisorer<\/span><\/li>\n<li style=\"font-weight: 400;\" aria-level=\"1\"><span style=\"font-weight: 400;\">Val av revisorssuppleanter<\/span><\/li>\n<li style=\"font-weight: 400;\" aria-level=\"1\"><span style=\"font-weight: 400;\">Val av valberedning<\/span><\/li>\n<li style=\"font-weight: 400;\" aria-level=\"1\"><span style=\"font-weight: 400;\">Val av ombud i Alings\u00e5s flygplatsf\u00f6rening<\/span><\/li>\n<li style=\"font-weight: 400;\" aria-level=\"1\"><span style=\"font-weight: 400;\">Val av ombud i KSAK<\/span><\/li>\n<li style=\"font-weight: 400;\" aria-level=\"1\"><span style=\"font-weight: 400;\">M\u00f6tet avslutande<\/span><\/li>\n<\/ol>\n<p><i><span style=\"font-weight: 400;\">V\u00e4l m\u00f6tt!<\/span><\/i><\/p>\n<p><i><span style=\"font-weight: 400;\">Gert B\u00f6ll, ordf\u00f6rande GVFS<\/span><\/i><\/p>\n<p>&nbsp;<\/p>\n","protected":false},"excerpt":{"rendered":"<p>Dagordning f\u00f6r \u00e5rsm\u00f6te i G\u00f6teborgs Veteranflygs\u00e4llskap tisdagen den 15 februari 2022 kl. 19.00 i Aeroseum. M\u00f6tets \u00f6ppnande Val av ordf\u00f6rande f\u00f6r \u00e5rsm\u00f6tet Val av sekreterare f\u00f6r \u00e5rsm\u00f6tet Val av tv\u00e5 justeringsm\u00e4n \u00c5rsm\u00f6tets beh\u00f6riga utlysande Godk\u00e4nnande av dagordningen Styrelsens verksamhetsber\u00e4ttelse Resultat- och balansr\u00e4kning Revisorernas granskning Styrelsens ansvarsfrihet Budget f\u00f6r 2022 \u00c5rsavgiften f\u00f6r 2022 F\u00f6rslag fr\u00e5n styrelsen [&hellip;]<\/p>\n","protected":false},"author":1,"featured_media":0,"comment_status":"closed","ping_status":"closed","sticky":false,"template":"","format":"standard","meta":{"footnotes":""},"categories":[1],"tags":[],"class_list":["post-517","post","type-post","status-publish","format-standard","hentry","category-uncategorized","entry"],"_links":{"self":[{"href":"https:\/\/www.gvfs.se\/index.php?rest_route=\/wp\/v2\/posts\/517","targetHints":{"allow":["GET"]}}],"collection":[{"href":"https:\/\/www.gvfs.se\/index.php?rest_route=\/wp\/v2\/posts"}],"about":[{"href":"https:\/\/www.gvfs.se\/index.php?rest_route=\/wp\/v2\/types\/post"}],"author":[{"embeddable":true,"href":"https:\/\/www.gvfs.se\/index.php?rest_route=\/wp\/v2\/users\/1"}],"replies":[{"embeddable":true,"href":"https:\/\/www.gvfs.se\/index.php?rest_route=%2Fwp%2Fv2%2Fcomments&post=517"}],"version-history":[{"count":1,"href":"https:\/\/www.gvfs.se\/index.php?rest_route=\/wp\/v2\/posts\/517\/revisions"}],"predecessor-version":[{"id":518,"href":"https:\/\/www.gvfs.se\/index.php?rest_route=\/wp\/v2\/posts\/517\/revisions\/518"}],"wp:attachment":[{"href":"https:\/\/www.gvfs.se\/index.php?rest_route=%2Fwp%2Fv2%2Fmedia&parent=517"}],"wp:term":[{"taxonomy":"category","embeddable":true,"href":"https:\/\/www.gvfs.se\/index.php?rest_route=%2Fwp%2Fv2%2Fcategories&post=517"},{"taxonomy":"post_tag","embeddable":true,"href":"https:\/\/www.gvfs.se\/index.php?rest_route=%2Fwp%2Fv2%2Ftags&post=517"}],"curies":[{"name":"wp","href":"https:\/\/api.w.org\/{rel}","templated":true}]}}