{"id":515,"date":"2022-01-26T15:03:18","date_gmt":"2022-01-26T14:03:18","guid":{"rendered":"http:\/\/www.gvfs.se\/?p=515"},"modified":"2022-02-02T19:07:43","modified_gmt":"2022-02-02T18:07:43","slug":"arsmote-2021-nagot-forsenat","status":"publish","type":"post","link":"https:\/\/www.gvfs.se\/?p=515","title":{"rendered":"\u00c5rsm\u00f6te 2021\/22"},"content":{"rendered":"<p>Alla medlemmar i <strong>G\u00f6teborgs Veteranflygs\u00e4llskap<\/strong> h\u00e4lsas hj\u00e4rtligt v\u00e4lkomna till v\u00e5rt \u00e5rsm\u00f6te<\/p>\n<p><strong>Tisdagen den 15 februari 2022 kl. 1900<\/strong><\/p>\n<p>Vi h\u00e5ller m\u00f6tet i ordersalen p\u00e5 Aeroseum, ing\u00e5ng vid kantinen.<\/p>\n<p>&nbsp;<\/p>\n<p>Innan m\u00f6tet samlas de som \u00f6nskar kl. 1800 f\u00f6r en enklare m\u00e5ltid best\u00e5ende av Lasagne, sallad, dricka och kaffe med kaka. Kostnaden f\u00f6r m\u00e5ltiden \u00e4r 150 kr som betalas i kassan i kantinen. F\u00f6rs\u00f6ka ha j\u00e4mna pengar men det g\u00e5r nog att betala med kort ocks\u00e5. F\u00f6r att kunna ber\u00e4kna antalet portioner ber vi er om en anm\u00e4lan senast m\u00e5ndag den 7 februari, observera att anm\u00e4lan \u00e4r bindande. Ni kan anm\u00e4la er till mig, helst p\u00e5 mejl annars p\u00e5 min mobil, g\u00e4rna med ett SMS med ert namn och texten \u201dvill \u00e4ta\u201d<\/p>\n<p>E-post: <a href=\"mailto:gertboll1@gmail.com\">gertboll1@gmail.com<\/a><\/p>\n<p>Mobil: 0708 905625<\/p>\n<p>F\u00f6r sj\u00e4lva \u00e5rsm\u00f6tet beh\u00f6vs ingen anm\u00e4lan, det \u00e4r bara att dyka upp!<\/p>\n<p>&nbsp;<\/p>\n<p>\u00c5rsm\u00f6teshandlingar kommer att finnas tillg\u00e4ngliga p\u00e5 m\u00f6tet, samt presenteras p\u00e5 GVFS hemsida <a href=\"http:\/\/www.gvfs.se\/\">www.gvfs.se<\/a>. Motioner fr\u00e5n medlemmar ska vara styrelsen tillhanda senast tv\u00e5 veckor innan \u00e5rsm\u00f6tet, d.v.s. senast tisdagen den 1 februari.<\/p>\n<p>V\u00e4l m\u00f6tt \u00f6nskar styrelsen!<\/p>\n<p>Gert B\u00f6ll, Ordf\u00f6rande i GVFS<\/p>\n","protected":false},"excerpt":{"rendered":"<p>Alla medlemmar i G\u00f6teborgs Veteranflygs\u00e4llskap h\u00e4lsas hj\u00e4rtligt v\u00e4lkomna till v\u00e5rt \u00e5rsm\u00f6te Tisdagen den 15 februari 2022 kl. 1900 Vi h\u00e5ller m\u00f6tet i ordersalen p\u00e5 Aeroseum, ing\u00e5ng vid kantinen. &nbsp; Innan m\u00f6tet samlas de som \u00f6nskar kl. 1800 f\u00f6r en enklare m\u00e5ltid best\u00e5ende av Lasagne, sallad, dricka och kaffe med kaka. Kostnaden f\u00f6r m\u00e5ltiden \u00e4r 150 [&hellip;]<\/p>\n","protected":false},"author":1,"featured_media":0,"comment_status":"closed","ping_status":"closed","sticky":false,"template":"","format":"standard","meta":{"footnotes":""},"categories":[1],"tags":[],"class_list":["post-515","post","type-post","status-publish","format-standard","hentry","category-uncategorized","entry"],"_links":{"self":[{"href":"https:\/\/www.gvfs.se\/index.php?rest_route=\/wp\/v2\/posts\/515","targetHints":{"allow":["GET"]}}],"collection":[{"href":"https:\/\/www.gvfs.se\/index.php?rest_route=\/wp\/v2\/posts"}],"about":[{"href":"https:\/\/www.gvfs.se\/index.php?rest_route=\/wp\/v2\/types\/post"}],"author":[{"embeddable":true,"href":"https:\/\/www.gvfs.se\/index.php?rest_route=\/wp\/v2\/users\/1"}],"replies":[{"embeddable":true,"href":"https:\/\/www.gvfs.se\/index.php?rest_route=%2Fwp%2Fv2%2Fcomments&post=515"}],"version-history":[{"count":2,"href":"https:\/\/www.gvfs.se\/index.php?rest_route=\/wp\/v2\/posts\/515\/revisions"}],"predecessor-version":[{"id":521,"href":"https:\/\/www.gvfs.se\/index.php?rest_route=\/wp\/v2\/posts\/515\/revisions\/521"}],"wp:attachment":[{"href":"https:\/\/www.gvfs.se\/index.php?rest_route=%2Fwp%2Fv2%2Fmedia&parent=515"}],"wp:term":[{"taxonomy":"category","embeddable":true,"href":"https:\/\/www.gvfs.se\/index.php?rest_route=%2Fwp%2Fv2%2Fcategories&post=515"},{"taxonomy":"post_tag","embeddable":true,"href":"https:\/\/www.gvfs.se\/index.php?rest_route=%2Fwp%2Fv2%2Ftags&post=515"}],"curies":[{"name":"wp","href":"https:\/\/api.w.org\/{rel}","templated":true}]}}